{"id":1442,"date":"2023-05-09T13:40:09","date_gmt":"2023-05-09T11:40:09","guid":{"rendered":"https:\/\/mesmouvements.fr\/?p=1442"},"modified":"2023-05-09T13:40:10","modified_gmt":"2023-05-09T11:40:10","slug":"comment-une-grenouille-peut-sauter-en-restant-tetard","status":"publish","type":"post","link":"https:\/\/mesmouvements.fr\/index.php\/comment-une-grenouille-peut-sauter-en-restant-tetard\/","title":{"rendered":"Comment une grenouille peut sauter en restant t\u00eatard ?"},"content":{"rendered":"\n<h2 class=\"wp-block-heading\">Les r\u00e9flexes, toute une histoire ! <\/h2>\n\n\n<p style=\"font-weight: 400;\">500 ans avant JC, Anaxagore, philosophe grec, aborde les r\u00e9flexes comme une \u00ab\u00a0nature auto-organisatrice de l&rsquo;activit\u00e9 de l&rsquo;esprit\u00a0\u00bb.<\/p>\n<p style=\"font-weight: 400;\">Au 20<sup>\u00e8me<\/sup> si\u00e8cle sont d\u00e9couvert, les r\u00e9flexes inn\u00e9s pr\u00e9sents chez tous, sans distinction, et sans aucun apprentissage.<\/p>\n<p style=\"font-weight: 400;\">Ces derni\u00e8res ann\u00e9es diff\u00e9rentes m\u00e9thodes d&rsquo;int\u00e9gration des r\u00e9flexes archa\u00efques ont vu le jour car, pour diverses raisons, les r\u00e9flexes archa\u00efques peuvent rester \u00e9veill\u00e9s et polluer le quotidien des personnes qui les subissent.<\/p>\n<p style=\"font-weight: 400;\">J\u2019ai \u00e9t\u00e9 form\u00e9 \u00e0 la m\u00e9thode RMTi qui permet l&rsquo;int\u00e9gration des r\u00e9flexes archa\u00efques en r\u00e9alisant des mouvements sp\u00e9cifiques et rythm\u00e9s.<\/p>\n<p style=\"font-weight: 400;\">\u00c0 cette technique s&rsquo;ajoute des mouvements pr\u00e9nataux, des pressions isom\u00e9triques, jeux, et conseils de vie que vous appliquez \u00e0 domicile.<\/p>\n<p style=\"font-weight: 400;\">\u00a0<\/p>\n<p style=\"font-weight: 400;\">En France, m\u00eame si la pratique parle d&rsquo;elle-m\u00eame et malgr\u00e9 nos 50 ans de retard sur le d\u00e9veloppement des r\u00e9flexes archa\u00efques, des \u00e9tudes sont en cours pour faire des liens entre les r\u00e9flexes archa\u00efques, les retards moteurs, langagiers, les l\u00e9sions c\u00e9r\u00e9brales et certaines pathologies.<\/p>\n<p style=\"font-weight: 400;\">\u00a0<\/p>\n<p style=\"font-weight: 400;\">\u00c0 l&rsquo;heure actuelle nous utilisons les tests de certains r\u00e9flexes archa\u00efques \u00e0 la naissance pour v\u00e9rifier le comportement c\u00e9r\u00e9bral et moteur de b\u00e9b\u00e9.<\/p>\n<p style=\"font-weight: 400;\">Vous connaissez certainement le r\u00e9flexe de Grasping, de succion ou la marche automatique\u00a0!?<\/p>\n<p>\u00a0<\/p>\n\n\n<figure class=\"wp-block-image size-large is-resized\"><img loading=\"lazy\" decoding=\"async\" src=\"https:\/\/mesmouvements.fr\/wp-content\/uploads\/2023\/05\/top-10-des-reflexes-du-corps-humain-c6db828d6849eaf1-1024x1024.jpeg\" alt=\"\" class=\"wp-image-1443\" width=\"256\" height=\"256\" srcset=\"https:\/\/mesmouvements.fr\/wp-content\/uploads\/2023\/05\/top-10-des-reflexes-du-corps-humain-c6db828d6849eaf1-1024x1024.jpeg 1024w, https:\/\/mesmouvements.fr\/wp-content\/uploads\/2023\/05\/top-10-des-reflexes-du-corps-humain-c6db828d6849eaf1-300x300.jpeg 300w, https:\/\/mesmouvements.fr\/wp-content\/uploads\/2023\/05\/top-10-des-reflexes-du-corps-humain-c6db828d6849eaf1-150x150.jpeg 150w, https:\/\/mesmouvements.fr\/wp-content\/uploads\/2023\/05\/top-10-des-reflexes-du-corps-humain-c6db828d6849eaf1-768x768.jpeg 768w, https:\/\/mesmouvements.fr\/wp-content\/uploads\/2023\/05\/top-10-des-reflexes-du-corps-humain-c6db828d6849eaf1.jpeg 1200w\" sizes=\"auto, (max-width: 256px) 100vw, 256px\" \/><figcaption>R\u00e9flexe d&rsquo;agrippement palmaire = Grasping <\/figcaption><\/figure>\n\n\n\n<figure class=\"wp-block-image size-full is-resized\"><img loading=\"lazy\" decoding=\"async\" src=\"https:\/\/mesmouvements.fr\/wp-content\/uploads\/2023\/05\/allaitement-e1593634918792.jpg\" alt=\"\" class=\"wp-image-1444\" width=\"267\" height=\"400\" srcset=\"https:\/\/mesmouvements.fr\/wp-content\/uploads\/2023\/05\/allaitement-e1593634918792.jpg 533w, https:\/\/mesmouvements.fr\/wp-content\/uploads\/2023\/05\/allaitement-e1593634918792-200x300.jpg 200w\" sizes=\"auto, (max-width: 267px) 100vw, 267px\" \/><figcaption>R\u00e9flexe de succion<\/figcaption><\/figure>\n\n\n\n<figure class=\"wp-block-image size-large is-resized\"><img loading=\"lazy\" decoding=\"async\" src=\"https:\/\/mesmouvements.fr\/wp-content\/uploads\/2023\/05\/La-marche-automatique.jpg-1024x521.webp\" alt=\"\" class=\"wp-image-1445\" width=\"512\" height=\"261\" srcset=\"https:\/\/mesmouvements.fr\/wp-content\/uploads\/2023\/05\/La-marche-automatique.jpg-1024x521.webp 1024w, https:\/\/mesmouvements.fr\/wp-content\/uploads\/2023\/05\/La-marche-automatique.jpg-300x153.webp 300w, https:\/\/mesmouvements.fr\/wp-content\/uploads\/2023\/05\/La-marche-automatique.jpg-768x391.webp 768w, https:\/\/mesmouvements.fr\/wp-content\/uploads\/2023\/05\/La-marche-automatique.jpg.webp 1050w\" sizes=\"auto, (max-width: 512px) 100vw, 512px\" \/><figcaption>R\u00e9flexe de marche automatique <\/figcaption><\/figure>\n\n\n\n<h2 class=\"wp-block-heading\"><strong>Un r\u00e9flexe\u00a0? Oui mais archa\u00efque\u00a0!\u00a0<\/strong><\/h2>\n\n\n\n<figure class=\"wp-block-video\"><video height=\"960\" style=\"aspect-ratio: 540 \/ 960;\" width=\"540\" controls src=\"https:\/\/mesmouvements.fr\/wp-content\/uploads\/2023\/05\/export_1681767036993.mov\"><\/video><\/figure>\n\n\n<p style=\"font-weight: 400;\">Les r\u00e9flexes archa\u00efques sont les r\u00e9flexes que la nature nous a donn\u00e9 pour survivre sur terre, de la conception, en passant par l\u2019accouchement, jusqu\u2019apr\u00e8s la naissance.<\/p>\n<p style=\"font-weight: 400;\">\u00a0<\/p>\n<p style=\"font-weight: 400;\">Comment \u00e7a fonctionne dans notre cerveau\u00a0:<\/p>\n<ol>\n<li>Stimulation interne ou externe<\/li>\n<li>R\u00e9ponse automatique, involontaire et incontr\u00f4l\u00e9e du corps.<\/li>\n<\/ol>\n<p style=\"font-weight: 400;\">A chaque fois que vous voyez un b\u00e9b\u00e9 gesticul\u00e9, c\u2019est qu\u2019il travaille l\u2019int\u00e9gration de ses r\u00e9flexes archa\u00efques\u00a0! M\u00eame dans le ventre de sa maman\u00a0!<\/p>\n<p style=\"font-weight: 400;\">\u00a0<\/p>\n<p style=\"font-weight: 400;\">Ils permettent de connecter les diff\u00e9rentes parties du cerveau entre elles pour faire grandir et transformer le b\u00e9b\u00e9 en personne ind\u00e9pendante dans tous les domaines.<\/p>\n<p style=\"font-weight: 400;\">Ils sont donc la fondation de nos futures acquisitions.<\/p>\n\n\n<figure class=\"wp-block-image size-large is-resized\"><img loading=\"lazy\" decoding=\"async\" src=\"https:\/\/mesmouvements.fr\/wp-content\/uploads\/2023\/05\/7-1024x1024.png\" alt=\"\" class=\"wp-image-1446\" width=\"512\" height=\"512\" srcset=\"https:\/\/mesmouvements.fr\/wp-content\/uploads\/2023\/05\/7-1024x1024.png 1024w, https:\/\/mesmouvements.fr\/wp-content\/uploads\/2023\/05\/7-300x300.png 300w, https:\/\/mesmouvements.fr\/wp-content\/uploads\/2023\/05\/7-150x150.png 150w, https:\/\/mesmouvements.fr\/wp-content\/uploads\/2023\/05\/7-768x768.png 768w, https:\/\/mesmouvements.fr\/wp-content\/uploads\/2023\/05\/7.png 1080w\" sizes=\"auto, (max-width: 512px) 100vw, 512px\" \/><\/figure>\n\n\n<p style=\"font-weight: 400;\">Une fois leur job r\u00e9alis\u00e9, ils sommeillent au plus profond de nous et n\u2019interviennent plus dans notre quotidien, on parle alors d\u2019int\u00e9gration.<\/p>\n<p style=\"font-weight: 400;\">Chaque \u00e9tape de la construction est importante, un r\u00e9flexe archa\u00efque bloqu\u00e9 peut avoir des r\u00e9percussions jusqu&rsquo;au toit\u00a0!<\/p>\n\n\n<h2 class=\"wp-block-heading\"><strong>L\u2019int\u00e9gration des r\u00e9flexes archa\u00efques\u00a0<\/strong><\/h2>\n\n\n\n<figure class=\"wp-block-video\"><video height=\"960\" style=\"aspect-ratio: 540 \/ 960;\" width=\"540\" controls src=\"https:\/\/mesmouvements.fr\/wp-content\/uploads\/2023\/05\/export_1681850279023.mov\"><\/video><\/figure>\n\n\n\n<figure class=\"wp-block-image size-large is-resized\"><img loading=\"lazy\" decoding=\"async\" src=\"https:\/\/mesmouvements.fr\/wp-content\/uploads\/2023\/05\/CEE05F80-2F51-4742-A268-F45574E6D73C-1024x1024.png\" alt=\"\" class=\"wp-image-1447\" width=\"512\" height=\"512\" srcset=\"https:\/\/mesmouvements.fr\/wp-content\/uploads\/2023\/05\/CEE05F80-2F51-4742-A268-F45574E6D73C-1024x1024.png 1024w, https:\/\/mesmouvements.fr\/wp-content\/uploads\/2023\/05\/CEE05F80-2F51-4742-A268-F45574E6D73C-300x300.png 300w, https:\/\/mesmouvements.fr\/wp-content\/uploads\/2023\/05\/CEE05F80-2F51-4742-A268-F45574E6D73C-150x150.png 150w, https:\/\/mesmouvements.fr\/wp-content\/uploads\/2023\/05\/CEE05F80-2F51-4742-A268-F45574E6D73C-768x768.png 768w, https:\/\/mesmouvements.fr\/wp-content\/uploads\/2023\/05\/CEE05F80-2F51-4742-A268-F45574E6D73C.png 1080w\" sizes=\"auto, (max-width: 512px) 100vw, 512px\" \/><figcaption>Sch\u00e9ma d&rsquo;un r\u00e9flexe archa\u00efque <\/figcaption><\/figure>\n\n\n<p style=\"font-weight: 400;\">Chaque r\u00e9flexe archa\u00efque effectue le m\u00eame sch\u00e9ma :\u00a0<\/p>\n<ol>\n<li>L&rsquo;\u00e9mergence aussi appel\u00e9e maturation\u00a0: c&rsquo;est lorsque le b\u00e9b\u00e9 va r\u00e9p\u00e9ter le m\u00eame mouvement.<\/li>\n<li>Le pic aussi appel\u00e9 crise. C&rsquo;est l&rsquo;activation maximale du r\u00e9flexe. Cette \u00e9tape est rep\u00e9rable car c&rsquo;est la p\u00e9riode o\u00f9 b\u00e9b\u00e9 refuse de faire ce qu&rsquo;il sait, il change de comportement et s&rsquo;agace jusqu&rsquo;\u00e0 ce qu&rsquo;il trouve une autre fa\u00e7on de faire. Couramment appel\u00e9 le pic de croissance.<\/li>\n<li>L\u2019int\u00e9gration du r\u00e9flexe c\u2019est le moment ou b\u00e9b\u00e9 aura trouv\u00e9 une autre fa\u00e7on de faire.<\/li>\n<li>Le r\u00e9flexe archa\u00efque se transformera en une r\u00e9ponse contr\u00f4l\u00e9e et mature, liant le cerveau au corps.<\/li>\n<\/ol>\n<p style=\"font-weight: 400;\">\u00a0<\/p>\n<p style=\"font-weight: 400;\">Int\u00e9grer ses r\u00e9flexes archa\u00efques est important pour grandir, \u00eatre ind\u00e9pendant physiquement, cognitivement et \u00e9motionnellement, et donc\u00a0:<\/p>\n<ul>\n<li>D\u00e9velopper ses sens, ses syst\u00e8mes affectif, cognitif et moteur,<\/li>\n<li>Se sentir \u00e9quilibr\u00e9 (au sens propre comme figur\u00e9\u00a0!),<\/li>\n<li>Avoir confiance en soi, aux autres et d\u00e9velopper une estime de soi juste,<\/li>\n<li>Coordonner son corps et son cerveau,<\/li>\n<li>D\u00e9velopper ses capacit\u00e9s d&rsquo;apprentissage,<\/li>\n<li>Communiquer.\u00a0<\/li>\n<\/ul>\n\n\n<figure class=\"wp-block-video\"><video height=\"960\" style=\"aspect-ratio: 540 \/ 960;\" width=\"540\" controls src=\"https:\/\/mesmouvements.fr\/wp-content\/uploads\/2023\/05\/export_1681934833688.mov\"><\/video><\/figure>\n\n\n<p>Sandy Duclos &#8211; Mesmouvements\u00a0<\/p>","protected":false},"excerpt":{"rendered":"<p>Comprendre les r\u00e9flexes archa\u00efques <\/p>\n","protected":false},"author":2,"featured_media":1451,"comment_status":"open","ping_status":"open","sticky":true,"template":"","format":"standard","meta":{"site-sidebar-layout":"","site-content-layout":"","ast-main-header-display":"","ast-hfb-above-header-display":"","ast-hfb-below-header-display":"","ast-hfb-mobile-header-display":"","site-post-title":"","ast-breadcrumbs-content":"","ast-featured-img":"","footer-sml-layout":"","theme-transparent-header-meta":"","adv-header-id-meta":"","stick-header-meta":"","header-above-stick-meta":"","header-main-stick-meta":"","header-below-stick-meta":"","footnotes":""},"categories":[1],"tags":[37,39,36,38],"class_list":["post-1442","post","type-post","status-publish","format-standard","has-post-thumbnail","hentry","category-non-classe","tag-fleurs-de-bach","tag-mes-mouvements","tag-reflexes-archaiques","tag-roles"],"_links":{"self":[{"href":"https:\/\/mesmouvements.fr\/index.php\/wp-json\/wp\/v2\/posts\/1442","targetHints":{"allow":["GET"]}}],"collection":[{"href":"https:\/\/mesmouvements.fr\/index.php\/wp-json\/wp\/v2\/posts"}],"about":[{"href":"https:\/\/mesmouvements.fr\/index.php\/wp-json\/wp\/v2\/types\/post"}],"author":[{"embeddable":true,"href":"https:\/\/mesmouvements.fr\/index.php\/wp-json\/wp\/v2\/users\/2"}],"replies":[{"embeddable":true,"href":"https:\/\/mesmouvements.fr\/index.php\/wp-json\/wp\/v2\/comments?post=1442"}],"version-history":[{"count":1,"href":"https:\/\/mesmouvements.fr\/index.php\/wp-json\/wp\/v2\/posts\/1442\/revisions"}],"predecessor-version":[{"id":1452,"href":"https:\/\/mesmouvements.fr\/index.php\/wp-json\/wp\/v2\/posts\/1442\/revisions\/1452"}],"wp:featuredmedia":[{"embeddable":true,"href":"https:\/\/mesmouvements.fr\/index.php\/wp-json\/wp\/v2\/media\/1451"}],"wp:attachment":[{"href":"https:\/\/mesmouvements.fr\/index.php\/wp-json\/wp\/v2\/media?parent=1442"}],"wp:term":[{"taxonomy":"category","embeddable":true,"href":"https:\/\/mesmouvements.fr\/index.php\/wp-json\/wp\/v2\/categories?post=1442"},{"taxonomy":"post_tag","embeddable":true,"href":"https:\/\/mesmouvements.fr\/index.php\/wp-json\/wp\/v2\/tags?post=1442"}],"curies":[{"name":"wp","href":"https:\/\/api.w.org\/{rel}","templated":true}]}}