{"id":1454,"date":"2023-05-09T14:37:25","date_gmt":"2023-05-09T12:37:25","guid":{"rendered":"https:\/\/mesmouvements.fr\/?p=1454"},"modified":"2023-05-09T14:45:01","modified_gmt":"2023-05-09T12:45:01","slug":"prendre-soin-de-soi-avec-la-floratherapie","status":"publish","type":"post","link":"https:\/\/mesmouvements.fr\/index.php\/prendre-soin-de-soi-avec-la-floratherapie\/","title":{"rendered":"Prendre soin de soi avec la florath\u00e9rapie"},"content":{"rendered":"\n<figure class=\"wp-block-image size-medium\"><img loading=\"lazy\" decoding=\"async\" width=\"225\" height=\"300\" src=\"https:\/\/mesmouvements.fr\/wp-content\/uploads\/2023\/05\/20200710_172812-225x300.jpg\" alt=\"\" class=\"wp-image-1455\" srcset=\"https:\/\/mesmouvements.fr\/wp-content\/uploads\/2023\/05\/20200710_172812-225x300.jpg 225w, https:\/\/mesmouvements.fr\/wp-content\/uploads\/2023\/05\/20200710_172812-768x1024.jpg 768w, https:\/\/mesmouvements.fr\/wp-content\/uploads\/2023\/05\/20200710_172812-1152x1536.jpg 1152w, https:\/\/mesmouvements.fr\/wp-content\/uploads\/2023\/05\/20200710_172812-1536x2048.jpg 1536w, https:\/\/mesmouvements.fr\/wp-content\/uploads\/2023\/05\/20200710_172812-scaled.jpg 1920w\" sizes=\"auto, (max-width: 225px) 100vw, 225px\" \/><\/figure>\n\n\n\n<h2 class=\"wp-block-heading\"><strong><u>Des fleurs pour se sentir bien&nbsp;?!<\/u><\/strong><\/h2>\n\n\n\n<p>Partant du principe que \u00ab&nbsp;Pour \u00eatre en bonne sant\u00e9, il faut \u00eatre en harmonie avec son \u00e2me&nbsp;\u00bb, le Dr Bach donne la th\u00e9orie suivante&nbsp;: Les \u00e9nergies de certaines fleurs ont des effets th\u00e9rapeutiques sur l&rsquo;\u00e9quilibre \u00e9motionnel et donc l&rsquo;\u00e9tat physique.<\/p>\n\n\n\n<p>C&rsquo;est ainsi que l&rsquo;essence des fleurs a \u00e9t\u00e9 extraite afin que femmes, hommes, enfants, animaux et m\u00eame plantes, puissent b\u00e9n\u00e9ficier de leurs bienfaits.<\/p>\n\n\n\n<p>&nbsp;<\/p>\n\n\n\n<figure class=\"wp-block-image size-large is-resized\"><img loading=\"lazy\" decoding=\"async\" src=\"https:\/\/mesmouvements.fr\/wp-content\/uploads\/2023\/05\/IMG_2466-1024x707.jpeg\" alt=\"\" class=\"wp-image-1456\" width=\"512\" height=\"354\" srcset=\"https:\/\/mesmouvements.fr\/wp-content\/uploads\/2023\/05\/IMG_2466-1024x707.jpeg 1024w, https:\/\/mesmouvements.fr\/wp-content\/uploads\/2023\/05\/IMG_2466-300x207.jpeg 300w, https:\/\/mesmouvements.fr\/wp-content\/uploads\/2023\/05\/IMG_2466-768x530.jpeg 768w, https:\/\/mesmouvements.fr\/wp-content\/uploads\/2023\/05\/IMG_2466-1536x1060.jpeg 1536w, https:\/\/mesmouvements.fr\/wp-content\/uploads\/2023\/05\/IMG_2466-2048x1414.jpeg 2048w\" sizes=\"auto, (max-width: 512px) 100vw, 512px\" \/><\/figure>\n\n\n\n<p>Les 38 \u00e9lixirs floraux sont divis\u00e9s en groupes selon les \u00e9tats \u00e9motionnels qu&rsquo;ils soulagent.<\/p>\n\n\n\n<p>On peut retrouver&nbsp;:<\/p>\n\n\n\n<ul class=\"wp-block-list\"><li>La peur<\/li><li>Le doute<\/li><li>Le manque d\u2019int\u00e9r\u00eat pour le pr\u00e9sent<\/li><li>La solitude<\/li><li>L\u2019influence<\/li><li>Le d\u00e9couragement et le d\u00e9sespoir<\/li><li>La pr\u00e9occupation excessive.<\/li><\/ul>\n\n\n\n<p>&nbsp;<\/p>\n\n\n\n<p>Que ces \u00e9motions soient passag\u00e8res ou un trait de personnalit\u00e9 ancr\u00e9, les fleurs de Bach permettent d&rsquo;\u00e9liminer l&rsquo;\u00e9motion d\u00e9rangeante en r\u00e9\u00e9quilibrant le mental.<\/p>\n\n\n\n<p>&nbsp;<\/p>\n\n\n\n<p>En plus de la prise en charge \u00e9motionnelle, les fleurs de Bach ont prouv\u00e9es leur efficacit\u00e9 dans de nombreux domaines comme&nbsp;:<\/p>\n\n\n\n<ul class=\"wp-block-list\"><li>Les troubles alimentaires,<\/li><li>Les troubles li\u00e9s aux menstruations,<\/li><li>L\u2019accompagnement des diff\u00e9rentes \u00e9tapes de la vie adulte ou enfant,<\/li><li>Les liens parents enfants,<\/li><li>Etc\u2026<\/li><\/ul>\n\n\n\n<h2 class=\"wp-block-heading\"><strong><u>Du changement . . .&nbsp;<\/u><\/strong><\/h2>\n\n\n<p style=\"font-weight: 400;\">Le changement avec les Fleurs de Bach s\u2019effectue en plusieurs \u00e9tapes&nbsp;:<\/p>\n<ol style=\"font-weight: 400;\">\n<li>Reconna\u00eetre le dysfonctionnement,<\/li>\n<li>Accepter l&rsquo;\u00e9tat que provoque le dysfonctionnement,<\/li>\n<li>Prendre les fleurs de Bach,<\/li>\n<li>Changer son angle de vue,<\/li>\n<li>D\u00e9velopper des attitudes positives.<\/li>\n<\/ol>\n<p style=\"font-weight: 400;\">\n<\/p><p style=\"font-weight: 400;\">Mais le changement vient toujours de notre propre centre, le Moi afin qu\u2019il reste ancr\u00e9.<\/p>\n\n\n<figure class=\"wp-block-image size-large is-resized\"><img loading=\"lazy\" decoding=\"async\" src=\"https:\/\/mesmouvements.fr\/wp-content\/uploads\/2023\/05\/change-arrows-clouds-948024-1024x682.jpg\" alt=\"change, arrows, clouds-948024.jpg\" class=\"wp-image-1457\" width=\"512\" height=\"341\" srcset=\"https:\/\/mesmouvements.fr\/wp-content\/uploads\/2023\/05\/change-arrows-clouds-948024-1024x682.jpg 1024w, https:\/\/mesmouvements.fr\/wp-content\/uploads\/2023\/05\/change-arrows-clouds-948024-300x200.jpg 300w, https:\/\/mesmouvements.fr\/wp-content\/uploads\/2023\/05\/change-arrows-clouds-948024-768x512.jpg 768w, https:\/\/mesmouvements.fr\/wp-content\/uploads\/2023\/05\/change-arrows-clouds-948024.jpg 1280w\" sizes=\"auto, (max-width: 512px) 100vw, 512px\" \/><\/figure>\n\n\n\n<h2 class=\"wp-block-heading\"><strong><u>Comment \u00e7a marche&nbsp;?&nbsp;<\/u><\/strong><\/h2>\n\n\n\n<p>Les Fleurs de Bach utilisent les approches suivantes&nbsp;:<\/p>\n\n\n\n<ul class=\"wp-block-list\"><li>Spirituelle&nbsp;: par la fr\u00e9quence vibratoire des fleurs qui r\u00e9sonne avec le champ \u00e9nerg\u00e9tique.<\/li><li>Bio\u00e9nerg\u00e9tique&nbsp;: ouverture des canaux v\u00e9hiculant les messages du Moi.<\/li><li>Naturopathique&nbsp;: les fleurs de Bach dissolvent et transforment les r\u00e9sidus \u00e9motionnels qui laissent des toxines dans le corps.<\/li><li>Immunologique&nbsp;: renforcer le syst\u00e8me immunitaire via des messages positifs.<\/li><\/ul>\n\n\n\n<p>&nbsp;<\/p>\n\n\n\n<p>L\u2019\u00e9lixir peut agir comme rem\u00e8de d\u2019humeur pour traiter les \u00e9motions passag\u00e8res mais aussi des traits de caract\u00e8re, de personnalit\u00e9 ou des temp\u00e9raments.<\/p>\n\n\n\n<p>&nbsp;<\/p>\n\n\n\n<p>Le traitement par Fleurs de Bach permet d\u2019\u00e9plucher une \u00e0 une les couches d\u2019\u00e9motions pour aller jusqu\u2019\u00e0 la base du dysfonctionnement.<\/p>\n\n\n\n<p>C\u2019est une approche lente, qui permet de d\u00e9couvrir qui est vraiment la personne.<\/p>\n\n\n\n<p>&nbsp;<\/p>\n\n\n\n<p>On peut choisir une seule quintessence florale, qui r\u00e9pondra \u00e0 un seul probl\u00e8me ou utiliser un m\u00e9lange de Fleurs personnalis\u00e9. (Une combinaison m\u00eame identique agira diff\u00e9remment selon le besoin de la personne qui le prend).<\/p>\n\n\n\n<p>&nbsp;<\/p>\n\n\n\n<p>La solution comprend&nbsp;:<\/p>\n\n\n\n<ul class=\"wp-block-list\"><li>De l\u2019alcool pour conserver (sauf pour enfants, femmes enceintes, personnes en sevrage)<\/li><li>Des Fleurs de Bach s\u00e9lectionn\u00e9es<\/li><li>De l\u2019eau de source.<\/li><\/ul>\n\n\n\n<figure class=\"wp-block-video\"><video height=\"1920\" style=\"aspect-ratio: 1080 \/ 1920;\" width=\"1080\" controls src=\"https:\/\/mesmouvements.fr\/wp-content\/uploads\/2023\/05\/1DF51AD4-E9E6-4519-B366-D4D2A53A8A44.mov\"><\/video><\/figure>\n\n\n\n<p>&nbsp;<\/p>\n\n\n\n<p>Elle est \u00e0 prendre oralement, plusieurs fois par jour, ou en application locale.<\/p>\n\n\n\n<p><\/p>\n\n\n\n<p>Le choix des fleurs peut se faire de diff\u00e9rentes fa\u00e7ons&nbsp;:<\/p>\n\n\n\n<ul class=\"wp-block-list\"><li>Selon son intuition,<\/li><li>Par hasard,<\/li><li>Avec un test musculaire,<\/li><li>Mesure du pouls chinois,<\/li><li>Radiesth\u00e9sie,<\/li><li>Ou comme j\u2019ai pour habitude de fonctionner, selon les propos, l\u2019objectif \u00e0 atteindre.&nbsp;<\/li><\/ul>\n\n\n\n<figure class=\"wp-block-image size-large\"><img loading=\"lazy\" decoding=\"async\" width=\"1024\" height=\"1024\" src=\"https:\/\/mesmouvements.fr\/wp-content\/uploads\/2023\/05\/18ED44A0-2483-4322-930D-28263F3C4C4B-1024x1024.png\" alt=\"\" class=\"wp-image-1459\" srcset=\"https:\/\/mesmouvements.fr\/wp-content\/uploads\/2023\/05\/18ED44A0-2483-4322-930D-28263F3C4C4B-1024x1024.png 1024w, https:\/\/mesmouvements.fr\/wp-content\/uploads\/2023\/05\/18ED44A0-2483-4322-930D-28263F3C4C4B-300x300.png 300w, https:\/\/mesmouvements.fr\/wp-content\/uploads\/2023\/05\/18ED44A0-2483-4322-930D-28263F3C4C4B-150x150.png 150w, https:\/\/mesmouvements.fr\/wp-content\/uploads\/2023\/05\/18ED44A0-2483-4322-930D-28263F3C4C4B-768x768.png 768w, https:\/\/mesmouvements.fr\/wp-content\/uploads\/2023\/05\/18ED44A0-2483-4322-930D-28263F3C4C4B.png 1080w\" sizes=\"auto, (max-width: 1024px) 100vw, 1024px\" \/><\/figure>\n\n\n<p>Sandy Duclos &#8211; Mesmouvements<\/p>\n\n\n<p>&nbsp;<\/p>\n","protected":false},"excerpt":{"rendered":"<p>Se sentir bien gr\u00e2ce aux fleurs, c&rsquo;est possible ! <\/p>\n","protected":false},"author":2,"featured_media":1460,"comment_status":"open","ping_status":"open","sticky":true,"template":"","format":"standard","meta":{"site-sidebar-layout":"","site-content-layout":"","ast-main-header-display":"","ast-hfb-above-header-display":"","ast-hfb-below-header-display":"","ast-hfb-mobile-header-display":"","site-post-title":"","ast-breadcrumbs-content":"","ast-featured-img":"","footer-sml-layout":"","theme-transparent-header-meta":"","adv-header-id-meta":"","stick-header-meta":"","header-above-stick-meta":"","header-main-stick-meta":"","header-below-stick-meta":"","footnotes":""},"categories":[1],"tags":[40,37,42,32,41],"class_list":["post-1454","post","type-post","status-publish","format-standard","has-post-thumbnail","hentry","category-non-classe","tag-changement","tag-fleurs-de-bach","tag-integration-des-reflexes-archaiques","tag-mesmouvements","tag-objectif"],"_links":{"self":[{"href":"https:\/\/mesmouvements.fr\/index.php\/wp-json\/wp\/v2\/posts\/1454","targetHints":{"allow":["GET"]}}],"collection":[{"href":"https:\/\/mesmouvements.fr\/index.php\/wp-json\/wp\/v2\/posts"}],"about":[{"href":"https:\/\/mesmouvements.fr\/index.php\/wp-json\/wp\/v2\/types\/post"}],"author":[{"embeddable":true,"href":"https:\/\/mesmouvements.fr\/index.php\/wp-json\/wp\/v2\/users\/2"}],"replies":[{"embeddable":true,"href":"https:\/\/mesmouvements.fr\/index.php\/wp-json\/wp\/v2\/comments?post=1454"}],"version-history":[{"count":2,"href":"https:\/\/mesmouvements.fr\/index.php\/wp-json\/wp\/v2\/posts\/1454\/revisions"}],"predecessor-version":[{"id":1462,"href":"https:\/\/mesmouvements.fr\/index.php\/wp-json\/wp\/v2\/posts\/1454\/revisions\/1462"}],"wp:featuredmedia":[{"embeddable":true,"href":"https:\/\/mesmouvements.fr\/index.php\/wp-json\/wp\/v2\/media\/1460"}],"wp:attachment":[{"href":"https:\/\/mesmouvements.fr\/index.php\/wp-json\/wp\/v2\/media?parent=1454"}],"wp:term":[{"taxonomy":"category","embeddable":true,"href":"https:\/\/mesmouvements.fr\/index.php\/wp-json\/wp\/v2\/categories?post=1454"},{"taxonomy":"post_tag","embeddable":true,"href":"https:\/\/mesmouvements.fr\/index.php\/wp-json\/wp\/v2\/tags?post=1454"}],"curies":[{"name":"wp","href":"https:\/\/api.w.org\/{rel}","templated":true}]}}