{"id":1463,"date":"2023-05-09T15:22:39","date_gmt":"2023-05-09T13:22:39","guid":{"rendered":"https:\/\/mesmouvements.fr\/?p=1463"},"modified":"2023-05-09T15:22:40","modified_gmt":"2023-05-09T13:22:40","slug":"mesmouvements","status":"publish","type":"post","link":"https:\/\/mesmouvements.fr\/index.php\/mesmouvements\/","title":{"rendered":"Mesmouvements"},"content":{"rendered":"\n<p><em>Adultes en recherche d\u2019apaisement, (futur) parent pr\u00e9occup\u00e9 par le d\u00e9veloppement de votre enfant, l\u2019objectif de Mesmouvements est toujours le m\u00eame\u00a0: devenir une personne \u00e9panouie, ayant acc\u00e8s \u00e0 tout son potentiel.<\/em><\/p>\n\n\n\n<p>&nbsp;<\/p>\n\n\n\n<h2 class=\"wp-block-heading\">Bienvenue dans l&rsquo;univers Mesmouvements <\/h2>\n\n\n\n<p>&nbsp;<\/p>\n\n\n\n<p>Je suis Sandy Duclos, praticienne certifi\u00e9e en int\u00e9gration des r\u00e9flexes archa\u00efques et Fleurs de Bach.<\/p>\n\n\n\n<p>&nbsp;<\/p>\n\n\n\n<p>Mes mouvements est un regroupement de consultation et ateliers que je propose pour optimiser le d\u00e9veloppement des capacit\u00e9s des adultes et des enfants, dans les domaines suivants&nbsp;:<\/p>\n\n\n\n<ul class=\"wp-block-list\"><li>Cognitif<\/li><li>\u00c9motionnel<\/li><li>Moteur<\/li><li>\u00a0Sensoriel.<\/li><\/ul>\n\n\n\n<p>&nbsp;<\/p>\n\n\n\n<figure class=\"wp-block-image size-full is-resized\"><img loading=\"lazy\" decoding=\"async\" src=\"https:\/\/mesmouvements.fr\/wp-content\/uploads\/2023\/05\/6B1A6594-28F9-4FCE-B621-D4B7E129A318.png\" alt=\"\" class=\"wp-image-1464\" width=\"125\" height=\"125\" srcset=\"https:\/\/mesmouvements.fr\/wp-content\/uploads\/2023\/05\/6B1A6594-28F9-4FCE-B621-D4B7E129A318.png 500w, https:\/\/mesmouvements.fr\/wp-content\/uploads\/2023\/05\/6B1A6594-28F9-4FCE-B621-D4B7E129A318-300x300.png 300w, https:\/\/mesmouvements.fr\/wp-content\/uploads\/2023\/05\/6B1A6594-28F9-4FCE-B621-D4B7E129A318-150x150.png 150w\" sizes=\"auto, (max-width: 125px) 100vw, 125px\" \/><\/figure>\n\n\n\n<p>Ainsi, vous pouvez contacter Mesmouvements si vous voulez&nbsp;:<\/p>\n\n\n\n<ul class=\"wp-block-list\"><li>Voir votre quotidien changer,<\/li><li>Faire face \u00e0 une difficult\u00e9,<\/li><li>\u00c9viter l&rsquo;apparition de celle-ci,<\/li><li>Favoriser le bon d\u00e9veloppement de votre enfant.<\/li><\/ul>\n\n\n\n<p>&nbsp;<\/p>\n\n\n\n<p>Je dispose de plusieurs moyens pour vous accompagner dans votre d\u00e9marche.&nbsp;<\/p>\n\n\n\n<figure class=\"wp-block-image size-large is-resized\"><img loading=\"lazy\" decoding=\"async\" src=\"https:\/\/mesmouvements.fr\/wp-content\/uploads\/2023\/05\/IMG_5708-1024x929.jpeg\" alt=\"\" class=\"wp-image-1465\" width=\"512\" height=\"465\" srcset=\"https:\/\/mesmouvements.fr\/wp-content\/uploads\/2023\/05\/IMG_5708-1024x929.jpeg 1024w, https:\/\/mesmouvements.fr\/wp-content\/uploads\/2023\/05\/IMG_5708-300x272.jpeg 300w, https:\/\/mesmouvements.fr\/wp-content\/uploads\/2023\/05\/IMG_5708-768x697.jpeg 768w, https:\/\/mesmouvements.fr\/wp-content\/uploads\/2023\/05\/IMG_5708.jpeg 1283w\" sizes=\"auto, (max-width: 512px) 100vw, 512px\" \/><\/figure>\n\n\n\n<p>J&rsquo;interviens \u00e0 n&rsquo;importe quel stade de votre parcours de vie afin de pr\u00e9venir, att\u00e9nuer voire \u00e9liminer vos difficult\u00e9s.<\/p>\n\n\n\n<p>Je peux vous aider \u00e0 d\u00e9passer vos difficult\u00e9s gr\u00e2ce \u00e0 l\u2019int\u00e9gration des r\u00e9flexes archa\u00efques et aux Fleurs de Bach.<\/p>\n\n\n\n<p>L&rsquo;association int\u00e9gration des r\u00e9flexes archa\u00efques et des Fleurs de Bach lorsqu&rsquo;elle est possible, permet une \u00e9volution plus rapide et plus favorable car nous agissons sur le corps et l&rsquo;esprit pour accepter le changement.<\/p>\n\n\n\n<p>&nbsp;<\/p>\n\n\n\n<p>&nbsp;<\/p>\n\n\n\n<p>&nbsp;<\/p>\n\n\n\n<p>&nbsp;<\/p>\n\n\n\n<p>&nbsp;<\/p>\n\n\n\n<figure class=\"wp-block-image size-large is-resized\"><img loading=\"lazy\" decoding=\"async\" src=\"https:\/\/mesmouvements.fr\/wp-content\/uploads\/2023\/05\/IMG_6328-1024x768.jpeg\" alt=\"\" class=\"wp-image-1467\" width=\"512\" height=\"384\" srcset=\"https:\/\/mesmouvements.fr\/wp-content\/uploads\/2023\/05\/IMG_6328-1024x768.jpeg 1024w, https:\/\/mesmouvements.fr\/wp-content\/uploads\/2023\/05\/IMG_6328-300x225.jpeg 300w, https:\/\/mesmouvements.fr\/wp-content\/uploads\/2023\/05\/IMG_6328-768x576.jpeg 768w, https:\/\/mesmouvements.fr\/wp-content\/uploads\/2023\/05\/IMG_6328-1536x1152.jpeg 1536w, https:\/\/mesmouvements.fr\/wp-content\/uploads\/2023\/05\/IMG_6328-2048x1536.jpeg 2048w\" sizes=\"auto, (max-width: 512px) 100vw, 512px\" \/><\/figure>\n\n\n\n<p>&nbsp;<\/p>\n\n\n\n<p>&nbsp;<\/p>\n\n\n\n<p>Vous aimeriez vous sentir mieux gr\u00e2ce au lien entre le corps et le cerveau&nbsp;?<\/p>\n\n\n\n<p>Vous souhaitez atteindre un objectif&nbsp;?<\/p>\n\n\n\n<p>Vous avez besoin de soutien pour passer une p\u00e9riode de votre vie&nbsp;?<\/p>\n\n\n\n<p>Vous voudriez des conseils sur le d\u00e9veloppement de l\u2019enfant&nbsp;?<\/p>\n\n\n\n<p>Vous voulez sentir votre enfant \u00e9panoui&nbsp;?<\/p>\n\n\n\n<p>Vous (vous) reconnaissez dans une ou plusieurs de ces caract\u00e9ristiques&nbsp;:<\/p>\n\n\n\n<ul class=\"wp-block-list\"><li>Troubles moteurs et posturaux<\/li><li>D\u00e9veloppement sportif et artistique<\/li><li>Difficult\u00e9 d\u2019adaptation<\/li><li>Troubles du comportement<\/li><li>Gestion des \u00e9motions (quotidiennes, chocs, traumatismes, pathologies\u2026)<\/li><li>Difficult\u00e9 psychologique (angoisses, peurs\u2026)<\/li><li>Difficult\u00e9 d\u2019apprentissage (scolaires, vie quotidienne\u2026)<\/li><li>D\u00e9veloppement des capacit\u00e9s<\/li><li>Difficult\u00e9 de communication, relation \u00e0 soi, aux autres<\/li><li>Troubles sensoriels (\u00e9quilibre, hypersensibilit\u00e9, 5 sens\u2026)<\/li><li>\u00c9volution f\u00e9minine (menstruations, grossesse, m\u00e9nopause, maternit\u00e9\u2026)<\/li><li>D\u00e9veloppement de l\u2019enfant (naissance, sommeil, propret\u00e9, acquisition, diversification alimentaire, sevrage\u2026)<\/li><li>\u00c9volution de l\u2019homme (andropause, paternit\u00e9\u2026)<\/li><li>Les grandes \u00e9tapes de la vie (naissance, accouchement, grossesse, s\u00e9paration, scolarisation, deuil\u2026)<\/li><\/ul>\n\n\n\n<p><strong>&nbsp;<\/strong><\/p>\n\n\n\n<p>&nbsp;<\/p>\n\n\n\n<p>Du Lundi au Samedi &#8211; De 9h00 \u00e0 19h00<\/p>\n\n\n\n<p>Je vous accueille dans mon cabinet situ\u00e9 au 4 rue Savoie \u2013 69170 TARARE<\/p>\n\n\n\n<figure class=\"wp-block-image size-large\"><img loading=\"lazy\" decoding=\"async\" width=\"1024\" height=\"1024\" src=\"https:\/\/mesmouvements.fr\/wp-content\/uploads\/2023\/05\/20C72668-9D13-4C90-93B8-E9B170DD5912-1024x1024.png\" alt=\"\" class=\"wp-image-1468\" srcset=\"https:\/\/mesmouvements.fr\/wp-content\/uploads\/2023\/05\/20C72668-9D13-4C90-93B8-E9B170DD5912-1024x1024.png 1024w, https:\/\/mesmouvements.fr\/wp-content\/uploads\/2023\/05\/20C72668-9D13-4C90-93B8-E9B170DD5912-300x300.png 300w, https:\/\/mesmouvements.fr\/wp-content\/uploads\/2023\/05\/20C72668-9D13-4C90-93B8-E9B170DD5912-150x150.png 150w, https:\/\/mesmouvements.fr\/wp-content\/uploads\/2023\/05\/20C72668-9D13-4C90-93B8-E9B170DD5912-768x768.png 768w, https:\/\/mesmouvements.fr\/wp-content\/uploads\/2023\/05\/20C72668-9D13-4C90-93B8-E9B170DD5912.png 1080w\" sizes=\"auto, (max-width: 1024px) 100vw, 1024px\" \/><\/figure>\n\n\n\nhttps:\/\/www.google.com\/maps\/dir\/45.8848275,4.4317257\/sandy+duclos\/@45.8900988,4.4293029,16z\/data=!3m1!4b1!4m9!4m8!1m1!4e1!1m5!1m1!1s0x47f467d66c347dc9:0xf4ebf2910c83a5d3!2m2!1d4.4325132!2d45.8949785\n\n\n\n<p>L&rsquo;avantage avec Mesmouvements c&rsquo;est que l&rsquo;on peut&nbsp;:<\/p>\n\n\n\n<ul class=\"wp-block-list\"><li>Pr\u00e9venir en suivant l&rsquo;\u00e9volution de la grossesse, du b\u00e9b\u00e9 et de l&rsquo;enfant<\/li><li>Agir directement avant que les mauvaises habitudes s&rsquo;installent.<\/li><li>Modifier les mauvaises habitudes m\u00eame si elles sont install\u00e9es depuis quelques jours, mois, ou m\u00eame ann\u00e9e&nbsp;!<\/li><\/ul>\n\n\n\n<p>&nbsp;<\/p>\n\n\n\n<p>Je vous propose plusieurs types d\u2019accompagnements individuels, personnalis\u00e9s et adapt\u00e9s \u00e0 vos besoins.<\/p>\n\n\n\n<p>Choisissez l\u2019accompagnement dont vous avez besoin pour vous \u00e9panouir.<\/p>\n\n\n\n<p><\/p>\n\n\n\n<p>Sandy Duclos &#8211; Mesmouvements <\/p>\n","protected":false},"excerpt":{"rendered":"<p>Mesmouvements, c&rsquo;est quoi le concept ?!<\/p>\n","protected":false},"author":2,"featured_media":0,"comment_status":"open","ping_status":"open","sticky":true,"template":"","format":"standard","meta":{"site-sidebar-layout":"","site-content-layout":"","ast-main-header-display":"","ast-hfb-above-header-display":"","ast-hfb-below-header-display":"","ast-hfb-mobile-header-display":"","site-post-title":"","ast-breadcrumbs-content":"","ast-featured-img":"","footer-sml-layout":"","theme-transparent-header-meta":"","adv-header-id-meta":"","stick-header-meta":"","header-above-stick-meta":"","header-main-stick-meta":"","header-below-stick-meta":"","footnotes":""},"categories":[1],"tags":[37,34,32,36,33],"class_list":["post-1463","post","type-post","status-publish","format-standard","hentry","category-non-classe","tag-fleurs-de-bach","tag-integrationdesreflexesarchaiques","tag-mesmouvements","tag-reflexes-archaiques","tag-rmti"],"_links":{"self":[{"href":"https:\/\/mesmouvements.fr\/index.php\/wp-json\/wp\/v2\/posts\/1463","targetHints":{"allow":["GET"]}}],"collection":[{"href":"https:\/\/mesmouvements.fr\/index.php\/wp-json\/wp\/v2\/posts"}],"about":[{"href":"https:\/\/mesmouvements.fr\/index.php\/wp-json\/wp\/v2\/types\/post"}],"author":[{"embeddable":true,"href":"https:\/\/mesmouvements.fr\/index.php\/wp-json\/wp\/v2\/users\/2"}],"replies":[{"embeddable":true,"href":"https:\/\/mesmouvements.fr\/index.php\/wp-json\/wp\/v2\/comments?post=1463"}],"version-history":[{"count":2,"href":"https:\/\/mesmouvements.fr\/index.php\/wp-json\/wp\/v2\/posts\/1463\/revisions"}],"predecessor-version":[{"id":1469,"href":"https:\/\/mesmouvements.fr\/index.php\/wp-json\/wp\/v2\/posts\/1463\/revisions\/1469"}],"wp:attachment":[{"href":"https:\/\/mesmouvements.fr\/index.php\/wp-json\/wp\/v2\/media?parent=1463"}],"wp:term":[{"taxonomy":"category","embeddable":true,"href":"https:\/\/mesmouvements.fr\/index.php\/wp-json\/wp\/v2\/categories?post=1463"},{"taxonomy":"post_tag","embeddable":true,"href":"https:\/\/mesmouvements.fr\/index.php\/wp-json\/wp\/v2\/tags?post=1463"}],"curies":[{"name":"wp","href":"https:\/\/api.w.org\/{rel}","templated":true}]}}