{"id":1470,"date":"2023-05-09T16:00:31","date_gmt":"2023-05-09T14:00:31","guid":{"rendered":"https:\/\/mesmouvements.fr\/?p=1470"},"modified":"2023-05-09T16:00:32","modified_gmt":"2023-05-09T14:00:32","slug":"qui-suis-je","status":"publish","type":"post","link":"https:\/\/mesmouvements.fr\/index.php\/qui-suis-je\/","title":{"rendered":"Qui suis-je ?"},"content":{"rendered":"<p style=\"font-weight: 400;\"><em>\u00ab\u00a0Ceux et celles qui sont assez fous pour croire qu\u2019ils peuvent changer le monde, sont en r\u00e9alit\u00e9 ceux qui le font.\u00a0\u00bb Steve Jobs. <\/em><\/p>\n\n\n<figure class=\"wp-block-image size-large is-resized\"><img loading=\"lazy\" decoding=\"async\" src=\"https:\/\/mesmouvements.fr\/wp-content\/uploads\/2023\/05\/E8813B8A-F3FD-46B1-BA87-DF8B6297D1E5-1024x1024.png\" alt=\"\" class=\"wp-image-1471\" width=\"256\" height=\"256\" srcset=\"https:\/\/mesmouvements.fr\/wp-content\/uploads\/2023\/05\/E8813B8A-F3FD-46B1-BA87-DF8B6297D1E5-1024x1024.png 1024w, https:\/\/mesmouvements.fr\/wp-content\/uploads\/2023\/05\/E8813B8A-F3FD-46B1-BA87-DF8B6297D1E5-300x300.png 300w, https:\/\/mesmouvements.fr\/wp-content\/uploads\/2023\/05\/E8813B8A-F3FD-46B1-BA87-DF8B6297D1E5-150x150.png 150w, https:\/\/mesmouvements.fr\/wp-content\/uploads\/2023\/05\/E8813B8A-F3FD-46B1-BA87-DF8B6297D1E5-768x768.png 768w, https:\/\/mesmouvements.fr\/wp-content\/uploads\/2023\/05\/E8813B8A-F3FD-46B1-BA87-DF8B6297D1E5.png 1080w\" sizes=\"auto, (max-width: 256px) 100vw, 256px\" \/><figcaption>Sandy Duclos <\/figcaption><\/figure>\n\n\n\n<h2 class=\"wp-block-heading\"><strong>Sandy Duclos\u00a0: praticienne en int\u00e9gration des r\u00e9flexes archa\u00efques et Fleurs de Bach\u00a0<\/strong><\/h2>\n\n\n<p style=\"font-weight: 400;\">Je m\u2019appelle Sandy, j&rsquo;ai 35 ans.<\/p>\n<p style=\"font-weight: 400;\">Je suis praticienne certifi\u00e9e en int\u00e9gration des r\u00e9flexes archa\u00efques et Fleurs de Bach, sur Tarare.<\/p>\n<p style=\"font-weight: 400;\">\u00a0<\/p>\n<p style=\"font-weight: 400;\">J\u2019accompagne les personnes de tout \u00e2ge vers leur plein potentiel.<\/p>\n<p style=\"font-weight: 400;\">Durant mes consultations, je vise l\u2019atteinte de votre objectif en personnalisant des mouvements \u00e0 r\u00e9aliser au quotidien, et\/ou un flacon de Fleurs de Bach.<\/p>\n<p style=\"font-weight: 400;\">Je m\u2019adapte aux besoins et disponibilit\u00e9s de chacun, du nourrisson au s\u00e9nior car mon objectif est de prendre en charge les difficult\u00e9s et\/ou \u00e9viter qu\u2019elles apparaissent.<\/p>\n\n\n<figure class=\"wp-block-image size-large is-resized\"><img loading=\"lazy\" decoding=\"async\" src=\"https:\/\/mesmouvements.fr\/wp-content\/uploads\/2023\/05\/CSP_3269-2-1024x683.jpg\" alt=\"\" class=\"wp-image-1472\" width=\"512\" height=\"342\" srcset=\"https:\/\/mesmouvements.fr\/wp-content\/uploads\/2023\/05\/CSP_3269-2-1024x683.jpg 1024w, https:\/\/mesmouvements.fr\/wp-content\/uploads\/2023\/05\/CSP_3269-2-300x200.jpg 300w, https:\/\/mesmouvements.fr\/wp-content\/uploads\/2023\/05\/CSP_3269-2-768x512.jpg 768w, https:\/\/mesmouvements.fr\/wp-content\/uploads\/2023\/05\/CSP_3269-2-1536x1024.jpg 1536w, https:\/\/mesmouvements.fr\/wp-content\/uploads\/2023\/05\/CSP_3269-2-2048x1365.jpg 2048w\" sizes=\"auto, (max-width: 512px) 100vw, 512px\" \/><\/figure>\n\n\n\n<h2 class=\"wp-block-heading\"><strong>Mon histoire\u00a0<\/strong><\/h2>\n\n\n\n<p>Prendre soin a toujours \u00e9t\u00e9 une priorit\u00e9. C\u2019est donc naturellement que je me suis dirig\u00e9e vers le m\u00e9tier d\u2019infirmi\u00e8re que je pratique depuis 12 ans.<\/p>\n\n\n\n<p>Mes exp\u00e9riences professionnelles et personnelles m\u2019ont progressivement amen\u00e9es vers les m\u00e9decines parall\u00e8les, les m\u00e9thodes de d\u00e9veloppement personnel, le lien entre le psychologique et le corporel, jusqu\u2019\u00e0 l\u2019intrusion directe dans ma vie professionnelle.<\/p>\n\n\n\n<p>&nbsp;<\/p>\n\n\n\n<p>Depuis 2019, ma curiosit\u00e9 et l\u2019envie de poser ma pierre \u00e0 l\u2019\u00e9difice dans le changement de la soci\u00e9t\u00e9, m\u2019ont pouss\u00e9es \u00e0 me former \u00e0 diverses techniques, toutes ayant le m\u00eame objectif&nbsp;: le bien-\u00eatre du corps et de l\u2019esprit.<\/p>\n\n\n\n<p>Je suis donc certifi\u00e9e \u00e0 l\u2019accompagnement par Fleurs de Bach et en int\u00e9gration via la m\u00e9thode RMTi (Rythmic Movement Training international).<\/p>\n\n\n\n<p>J\u2019ai des notions en EFT (Emotional Freedom Technique) et aussi d\u2019INPP (Institut for NeuroPhysiological Psychology).<\/p>\n\n\n\n<p>Je dispose donc de plusieurs moyens pour vous accompagner au mieux.<\/p>\n\n\n\n<p>&nbsp;<\/p>\n\n\n\n<figure class=\"wp-block-image size-large\"><img loading=\"lazy\" decoding=\"async\" width=\"724\" height=\"1024\" src=\"https:\/\/mesmouvements.fr\/wp-content\/uploads\/2023\/05\/Rose-Marron-Simple-Photo-Moderne-CV-724x1024.jpg\" alt=\"\" class=\"wp-image-1473\" srcset=\"https:\/\/mesmouvements.fr\/wp-content\/uploads\/2023\/05\/Rose-Marron-Simple-Photo-Moderne-CV-724x1024.jpg 724w, https:\/\/mesmouvements.fr\/wp-content\/uploads\/2023\/05\/Rose-Marron-Simple-Photo-Moderne-CV-212x300.jpg 212w, https:\/\/mesmouvements.fr\/wp-content\/uploads\/2023\/05\/Rose-Marron-Simple-Photo-Moderne-CV-768x1086.jpg 768w, https:\/\/mesmouvements.fr\/wp-content\/uploads\/2023\/05\/Rose-Marron-Simple-Photo-Moderne-CV-1086x1536.jpg 1086w, https:\/\/mesmouvements.fr\/wp-content\/uploads\/2023\/05\/Rose-Marron-Simple-Photo-Moderne-CV.jpg 1414w\" sizes=\"auto, (max-width: 724px) 100vw, 724px\" \/><\/figure>\n\n\n\n<p>Au travers de ces formations, le travail sur moi-m\u00eame m\u2019a permis de savoir qui je suis et ce que je veux.<\/p>\n\n\n\n<p>J\u2019ai deux filles et pour elles, moi et tous ses petits \u00eatres en devenir, j\u2019aimerai que le regard sur les enfants change.<\/p>\n\n\n\n<p>Je sais qu\u2019il est difficile de faire \u00e9voluer toute une soci\u00e9t\u00e9, j\u2019ai conscience que ce n\u2019est pas moi, seule, qui changera le monde. Mais, je reste convaincu que faire quelque chose, du mieux que l\u2019on peut, c\u2019est toujours mieux que de ne rien faire.<\/p>\n\n\n\n<p>&nbsp;<\/p>\n\n\n\n<p>Pour moi, le changement se fait en mouvements&nbsp;!<\/p>\n\n\n\n<p>&nbsp;<\/p>\n\n\n\n<p>Pr\u00eat(e) \u00e0 changer\u00a0?<\/p>\n\n\n\n<p>Sandy Duclos &#8211; Mesmouvements<\/p>\n","protected":false},"excerpt":{"rendered":"<p>\u00ab\u00a0Ceux et celles qui sont assez fous pour croire qu\u2019ils peuvent changer le monde, sont en r\u00e9alit\u00e9 ceux qui le font.\u00a0\u00bb Steve Jobs.<\/p>\n","protected":false},"author":2,"featured_media":1474,"comment_status":"open","ping_status":"open","sticky":true,"template":"","format":"standard","meta":{"site-sidebar-layout":"","site-content-layout":"","ast-main-header-display":"","ast-hfb-above-header-display":"","ast-hfb-below-header-display":"","ast-hfb-mobile-header-display":"","site-post-title":"","ast-breadcrumbs-content":"","ast-featured-img":"","footer-sml-layout":"","theme-transparent-header-meta":"","adv-header-id-meta":"","stick-header-meta":"","header-above-stick-meta":"","header-main-stick-meta":"","header-below-stick-meta":"","footnotes":""},"categories":[1],"tags":[40,37,42,34,32,41,33],"class_list":["post-1470","post","type-post","status-publish","format-standard","has-post-thumbnail","hentry","category-non-classe","tag-changement","tag-fleurs-de-bach","tag-integration-des-reflexes-archaiques","tag-integrationdesreflexesarchaiques","tag-mesmouvements","tag-objectif","tag-rmti"],"_links":{"self":[{"href":"https:\/\/mesmouvements.fr\/index.php\/wp-json\/wp\/v2\/posts\/1470","targetHints":{"allow":["GET"]}}],"collection":[{"href":"https:\/\/mesmouvements.fr\/index.php\/wp-json\/wp\/v2\/posts"}],"about":[{"href":"https:\/\/mesmouvements.fr\/index.php\/wp-json\/wp\/v2\/types\/post"}],"author":[{"embeddable":true,"href":"https:\/\/mesmouvements.fr\/index.php\/wp-json\/wp\/v2\/users\/2"}],"replies":[{"embeddable":true,"href":"https:\/\/mesmouvements.fr\/index.php\/wp-json\/wp\/v2\/comments?post=1470"}],"version-history":[{"count":1,"href":"https:\/\/mesmouvements.fr\/index.php\/wp-json\/wp\/v2\/posts\/1470\/revisions"}],"predecessor-version":[{"id":1475,"href":"https:\/\/mesmouvements.fr\/index.php\/wp-json\/wp\/v2\/posts\/1470\/revisions\/1475"}],"wp:featuredmedia":[{"embeddable":true,"href":"https:\/\/mesmouvements.fr\/index.php\/wp-json\/wp\/v2\/media\/1474"}],"wp:attachment":[{"href":"https:\/\/mesmouvements.fr\/index.php\/wp-json\/wp\/v2\/media?parent=1470"}],"wp:term":[{"taxonomy":"category","embeddable":true,"href":"https:\/\/mesmouvements.fr\/index.php\/wp-json\/wp\/v2\/categories?post=1470"},{"taxonomy":"post_tag","embeddable":true,"href":"https:\/\/mesmouvements.fr\/index.php\/wp-json\/wp\/v2\/tags?post=1470"}],"curies":[{"name":"wp","href":"https:\/\/api.w.org\/{rel}","templated":true}]}}