{"id":1522,"date":"2023-06-01T15:18:27","date_gmt":"2023-06-01T13:18:27","guid":{"rendered":"https:\/\/mesmouvements.fr\/?p=1522"},"modified":"2023-06-01T15:18:27","modified_gmt":"2023-06-01T13:18:27","slug":"les-consultations-mesmouvements","status":"publish","type":"post","link":"https:\/\/mesmouvements.fr\/index.php\/les-consultations-mesmouvements\/","title":{"rendered":"Les consultations Mesmouvements"},"content":{"rendered":"<p><em>Beaucoup d&rsquo;entre vous me demandent conseil sur le choix du rendez-vous.\u00a0<\/em><\/p>\n<p><em>Plut\u00f4t bilan ou int\u00e9gration des r\u00e9flexes archa\u00efques ?! Int\u00e9gration seule ou Fleurs de Bach ?!\u00a0<\/em><\/p>\n<p><em>Je vous explique tout !\u00a0<\/em><\/p>\n\n\n<h2 class=\"wp-block-heading\">Consultation int\u00e9gration des r\u00e9flexes archa\u00efques <\/h2>\n\n\n\n<figure class=\"wp-block-image size-large is-resized\"><img loading=\"lazy\" decoding=\"async\" src=\"https:\/\/mesmouvements.fr\/wp-content\/uploads\/2023\/06\/CSP_2903-1024x683.jpg\" alt=\"\" class=\"wp-image-1523\" width=\"512\" height=\"342\" srcset=\"https:\/\/mesmouvements.fr\/wp-content\/uploads\/2023\/06\/CSP_2903-1024x683.jpg 1024w, https:\/\/mesmouvements.fr\/wp-content\/uploads\/2023\/06\/CSP_2903-300x200.jpg 300w, https:\/\/mesmouvements.fr\/wp-content\/uploads\/2023\/06\/CSP_2903-768x512.jpg 768w, https:\/\/mesmouvements.fr\/wp-content\/uploads\/2023\/06\/CSP_2903-1536x1024.jpg 1536w, https:\/\/mesmouvements.fr\/wp-content\/uploads\/2023\/06\/CSP_2903-2048x1365.jpg 2048w\" sizes=\"auto, (max-width: 512px) 100vw, 512px\" \/><\/figure>\n\n\n<p>Lors de la prise de rendez-vous, j&rsquo;envoie un questionnaire personnel et confidentiel s&rsquo;axant sur la grossesse, la naissance et les premi\u00e8res ann\u00e9es de vie et les habitudes quotidiennes. Ce questionnaire rempli et envoy\u00e9 en amont du rendez-vous me permet de pointer les r\u00e9flexes archa\u00efques non int\u00e9gr\u00e9s, pouvant \u00eatre en lien avec le motif de consultation et nous fait donc gagner un temps consid\u00e9rable lors de notre rencontre, ainsi nous pouvons nous mettre en mouvement plus rapidement.\u00a0<\/p>\n<p>\u00a0<\/p>\n<p>Lors du premier rendez-vous nous d\u00e9finissons un objectif. C&rsquo;est sous cet objectif que je m&rsquo;engage \u00e0 vous accompagner \u00e0 l&rsquo;atteinte de celui-ci, dans la mesure de mes capacit\u00e9s et que vous vous engagez \u00e9galement \u00e0 respecter et appliquer au maximum les conseils et consignes que je vous donne.\u00a0<\/p>\n<p>Si n\u00e9cessaire, je r\u00e9alise des tests afin de confirmer la pr\u00e9sence ou non des r\u00e9flexes archa\u00efques vis\u00e9s.\u00a0<\/p>\n<p>Ensuite, vient le moment de choisir et de r\u00e9aliser les mouvements favorisant l&rsquo;int\u00e9gration et de d\u00e9tailler conseils et jeux que vous reproduirez \u00e0 domicile.\u00a0<\/p>\n<p>\u00a0<\/p>\n<p>Un suivi de consultation est propos\u00e9 et conseill\u00e9 apr\u00e8s 3 \u00e0 4 semaines de pratique \u00e0 domicile guid\u00e9e par :\u00a0<\/p>\n<ul>\n<li>des outils de suivi<\/li>\n<li>des conseils d&rsquo;adaptation et d&rsquo;accompagnement\u00a0<\/li>\n<li>ma disponibilit\u00e9 et mon \u00e9coute si besoin.\u00a0<\/li>\n<\/ul>\n<p>\u00a0<\/p>\n<p>Bien souvent, 2 \u00e0 3 s\u00e9ances minimum sont n\u00e9cessaires afin d&rsquo;atteindre l&rsquo;objectif.\u00a0<\/p>\n<p>La premi\u00e8re s\u00e9ance dure en g\u00e9n\u00e9ral 1h00 \u00e0 1h30. Les suivantes 1h00.\u00a0<\/p>\n\n\n<h2 class=\"wp-block-heading\">Consultation Fleurs de Bach <\/h2>\n\n\n\n<figure class=\"wp-block-image size-large is-resized\"><img loading=\"lazy\" decoding=\"async\" src=\"https:\/\/mesmouvements.fr\/wp-content\/uploads\/2023\/05\/IMG_2466-1024x707.jpeg\" alt=\"\" class=\"wp-image-1456\" width=\"512\" height=\"354\" srcset=\"https:\/\/mesmouvements.fr\/wp-content\/uploads\/2023\/05\/IMG_2466-1024x707.jpeg 1024w, https:\/\/mesmouvements.fr\/wp-content\/uploads\/2023\/05\/IMG_2466-300x207.jpeg 300w, https:\/\/mesmouvements.fr\/wp-content\/uploads\/2023\/05\/IMG_2466-768x530.jpeg 768w, https:\/\/mesmouvements.fr\/wp-content\/uploads\/2023\/05\/IMG_2466-1536x1060.jpeg 1536w, https:\/\/mesmouvements.fr\/wp-content\/uploads\/2023\/05\/IMG_2466-2048x1414.jpeg 2048w\" sizes=\"auto, (max-width: 512px) 100vw, 512px\" \/><\/figure>\n\n\n<p>J&rsquo;engage l&rsquo;entretien par un tr\u00e8s rapide questionnaire personnel et confidentiel, qui cible et r\u00e9sume la probl\u00e9matique.\u00a0<\/p>\n<p>Ensemble, nous d\u00e9finissons l&rsquo;objectif \u00e0 atteindre, qui d\u00e9finira la pr\u00e9paration que emmenez \u00e0 domicile.\u00a0<\/p>\n<p>Sous cet objectif, je m&rsquo;engage \u00e0 vous accompagner \u00e0 l&rsquo;atteinte de celui-ci, dans la mesure de mes capacit\u00e9s et que vous vous engagez \u00e0 respecter et appliquer les conseils et consignes que je vous donne.\u00a0<\/p>\n<p>\u00a0<\/p>\n<p>Chaque pr\u00e9paration est unique (une combinaison de fleurs, m\u00eame identique, agira diff\u00e9remment selon les besoins de la personne. D&rsquo;ou l&rsquo;importance de ne pas utiliser la florith\u00e9rapie sans avis professionnel), pr\u00eate \u00e0 l&#8217;emploi et compos\u00e9e de :\u00a0<\/p>\n<ul>\n<li>alcool sauf pour les enfants, les femmes enceintes et les personnes en sevrage alcoolique\u00a0<\/li>\n<li>Fleurs de Bach selon le changement a apport\u00e9\u00a0<\/li>\n<li>eau de source.\u00a0<\/li>\n<\/ul>\n<p>Un suivi vous est propos\u00e9 et conseill\u00e9 :\u00a0<\/p>\n<ul>\n<li>\u00e0 domicile \u00e0 3 jours, une semaine, 2 semaines et 3 semaines \u00e0 l&rsquo;aide d&rsquo;outils fournis par mes soins\u00a0<\/li>\n<li>en consultation la 4\u00e8me semaine.\u00a0<\/li>\n<\/ul>\n<p>\u00a0<\/p>\n<p>Je suis joignable \u00e0 tout moment pour \u00e9coute, conseils ou questions.\u00a0<\/p>\n<p>Les rendez-vous peuvent \u00e9galement se faire par t\u00e9l\u00e9phone avec envoi postal ou Mondial Relay et ont g\u00e9n\u00e9ralement une dur\u00e9e de 30 minutes \u00e0 1 heure.\u00a0<\/p>\n\n\n<h2 class=\"wp-block-heading\">Consultation Fleurs de Bach et Int\u00e9gration des r\u00e9flexes archa\u00efques <\/h2>\n\n\n\n<figure class=\"wp-block-image size-large is-resized\"><img loading=\"lazy\" decoding=\"async\" src=\"https:\/\/mesmouvements.fr\/wp-content\/uploads\/2023\/06\/65D92AB9-FBDC-414F-B1BD-BBFC52C41055-1024x577.png\" alt=\"\" class=\"wp-image-1524\" width=\"512\" height=\"289\" srcset=\"https:\/\/mesmouvements.fr\/wp-content\/uploads\/2023\/06\/65D92AB9-FBDC-414F-B1BD-BBFC52C41055-1024x577.png 1024w, https:\/\/mesmouvements.fr\/wp-content\/uploads\/2023\/06\/65D92AB9-FBDC-414F-B1BD-BBFC52C41055-300x169.png 300w, https:\/\/mesmouvements.fr\/wp-content\/uploads\/2023\/06\/65D92AB9-FBDC-414F-B1BD-BBFC52C41055-768x433.png 768w, https:\/\/mesmouvements.fr\/wp-content\/uploads\/2023\/06\/65D92AB9-FBDC-414F-B1BD-BBFC52C41055-1536x865.png 1536w, https:\/\/mesmouvements.fr\/wp-content\/uploads\/2023\/06\/65D92AB9-FBDC-414F-B1BD-BBFC52C41055.png 1640w\" sizes=\"auto, (max-width: 512px) 100vw, 512px\" \/><\/figure>\n\n\n<p>Reprenant les modalit\u00e9s des s\u00e9ances Fleurs de Bach et d&rsquo;int\u00e9gration des r\u00e9flexes archa\u00efques, cette s\u00e9ance permet d&rsquo;atteindre son objectif plus facilement et quelques fois plus rapidement gr\u00e2ce \u00e0 l&rsquo;association rendant le changement actif par la communication corps, esprit et \u00e9motions.<\/p>\n<p>\u00a0<\/p>\n<p>Cette s\u00e9ance comprend les m\u00eames m\u00e9thodes et fonctionnements : questionnaires, objectif, pratique \u00e0 domicile, suivi r\u00e9gulier.\u00a0<\/p>\n<p>Chaque consultation dure environ 1h30.\u00a0<\/p>\n\n\n<h2 class=\"wp-block-heading\">Consultation bilan des r\u00e9flexes archa\u00efques <\/h2>\n\n\n\n<figure class=\"wp-block-image size-large is-resized\"><img loading=\"lazy\" decoding=\"async\" src=\"https:\/\/mesmouvements.fr\/wp-content\/uploads\/2023\/06\/CSP_3135-1024x683.jpg\" alt=\"\" class=\"wp-image-1525\" width=\"512\" height=\"342\" srcset=\"https:\/\/mesmouvements.fr\/wp-content\/uploads\/2023\/06\/CSP_3135-1024x683.jpg 1024w, https:\/\/mesmouvements.fr\/wp-content\/uploads\/2023\/06\/CSP_3135-300x200.jpg 300w, https:\/\/mesmouvements.fr\/wp-content\/uploads\/2023\/06\/CSP_3135-768x512.jpg 768w, https:\/\/mesmouvements.fr\/wp-content\/uploads\/2023\/06\/CSP_3135-1536x1024.jpg 1536w, https:\/\/mesmouvements.fr\/wp-content\/uploads\/2023\/06\/CSP_3135-2048x1365.jpg 2048w\" sizes=\"auto, (max-width: 512px) 100vw, 512px\" \/><\/figure>\n\n\n<p>Le bilan des r\u00e9flexes archa\u00efques consiste \u00e0 voir o\u00f9 se situe une personne dans l&rsquo;\u00e9volution de l&rsquo;int\u00e9gration de ses r\u00e9flexes archa\u00efques en lien avec ses capacit\u00e9s motrices, sensorielles, comportementales et \u00e9motionnelles.\u00a0<\/p>\n<p>\u00a0<\/p>\n<p>Vivement conseill\u00e9 aux alentours du premier anniversaire et\/ou avant les rentr\u00e9es scolaires de maternelle, primaire, coll\u00e8ge ou lyc\u00e9e, mais peut \u00eatre r\u00e9alis\u00e9 par tous \u00e0 n&rsquo;importe quel moment de sa vie.\u00a0<\/p>\n<p>Le but est de pr\u00e9venir d&rsquo;\u00e9ventuelles difficult\u00e9s de d\u00e9veloppement ou d&rsquo;apprentissage ou de mettre des mots sur certaines difficult\u00e9s.\u00a0<\/p>\n<p>\u00a0<\/p>\n<p>De ce bilan peut d\u00e9couler un suivi r\u00e9gulier (\u00e0 3, 6, 9 mois) ou des s\u00e9ances d&rsquo;int\u00e9gration des r\u00e9flexes archa\u00efques si besoin.\u00a0<\/p>\n<p>\u00a0<\/p>\n<p>La s\u00e9ance bilan a une dur\u00e9e moyenne variable entre 1h00 et 1h30.\u00a0<\/p>\n\n\n<h2 class=\"wp-block-heading\">Consultation pr\u00e9vention<\/h2>\n\n\n\n<figure class=\"wp-block-image size-large is-resized\"><img loading=\"lazy\" decoding=\"async\" src=\"https:\/\/mesmouvements.fr\/wp-content\/uploads\/2023\/06\/CSP_3162-1024x683.jpg\" alt=\"\" class=\"wp-image-1526\" width=\"512\" height=\"342\" srcset=\"https:\/\/mesmouvements.fr\/wp-content\/uploads\/2023\/06\/CSP_3162-1024x683.jpg 1024w, https:\/\/mesmouvements.fr\/wp-content\/uploads\/2023\/06\/CSP_3162-300x200.jpg 300w, https:\/\/mesmouvements.fr\/wp-content\/uploads\/2023\/06\/CSP_3162-768x512.jpg 768w, https:\/\/mesmouvements.fr\/wp-content\/uploads\/2023\/06\/CSP_3162-1536x1024.jpg 1536w, https:\/\/mesmouvements.fr\/wp-content\/uploads\/2023\/06\/CSP_3162-2048x1365.jpg 2048w\" sizes=\"auto, (max-width: 512px) 100vw, 512px\" \/><\/figure>\n\n\n<p>Cette s\u00e9ance vise \u00e0 donner des conseils, astuces, techniques et possibilit\u00e9s, adapt\u00e9s et personnalis\u00e9s pour favoriser le d\u00e9veloppement optimal de l&rsquo;enfant, r\u00e9duisant ou \u00e9vitant ainsi l&rsquo;apparition de difficult\u00e9s.<\/p>\n<p>\u00a0<\/p>\n<p>Le but est de comprendre le d\u00e9veloppement de la grossesse, l&rsquo;accouchement, du b\u00e9b\u00e9 et de l&rsquo;enfant jusqu&rsquo;\u00e0 ses 3 ans. On parle r\u00e9flexes archa\u00efques, d\u00e9veloppement global et on pratique la motricit\u00e9 selon ses recommandations.\u00a0<\/p>\n<p>\u00a0<\/p>\n<p>Le suivi r\u00e9gulier permet de voir l&rsquo;\u00e9volution de b\u00e9b\u00e9 de pr\u00e8s et est recommand\u00e9 pour accompagner les \u00e9tapes de d\u00e9veloppement importantes, surtout en cas de grossesse et\/ou naissance difficile.\u00a0<\/p>\n<p>\u00a0<\/p>\n<p>D\u00e8s 3 ans, la s\u00e9ance de pr\u00e9vention se transforme en s\u00e9ance bilan.\u00a0<\/p>\n<p>\u00a0<\/p>\n<p>La dur\u00e9e de la s\u00e9ance pr\u00e9vention est ajustable entre 30 minutes et une heure selon la volont\u00e9 et la capacit\u00e9 de b\u00e9b\u00e9 ou de la femme enceinte.\u00a0<\/p>\n\n\n<h2 class=\"wp-block-heading\">Les ateliers <\/h2>\n\n\n\n<figure class=\"wp-block-image size-large is-resized\"><img loading=\"lazy\" decoding=\"async\" src=\"https:\/\/mesmouvements.fr\/wp-content\/uploads\/2023\/06\/CSP_3189-1024x683.jpg\" alt=\"\" class=\"wp-image-1527\" width=\"512\" height=\"342\" srcset=\"https:\/\/mesmouvements.fr\/wp-content\/uploads\/2023\/06\/CSP_3189-1024x683.jpg 1024w, https:\/\/mesmouvements.fr\/wp-content\/uploads\/2023\/06\/CSP_3189-300x200.jpg 300w, https:\/\/mesmouvements.fr\/wp-content\/uploads\/2023\/06\/CSP_3189-768x512.jpg 768w, https:\/\/mesmouvements.fr\/wp-content\/uploads\/2023\/06\/CSP_3189-1536x1024.jpg 1536w, https:\/\/mesmouvements.fr\/wp-content\/uploads\/2023\/06\/CSP_3189-2048x1365.jpg 2048w\" sizes=\"auto, (max-width: 512px) 100vw, 512px\" \/><\/figure>\n\n\n<p>J&rsquo;ai pour habitude de passer mes mercredis en mouvements avec un objectif pr\u00e9cis et cibl\u00e9 \u00e0 chaque fois, qui convient \u00e0 plusieurs enfants.\u00a0<\/p>\n<p>On profite d&rsquo;une probl\u00e9matique g\u00e9n\u00e9rale pour int\u00e9grer ses r\u00e9flexes archa\u00efques en groupe, r\u00e9guli\u00e8rement ou ponctuellement selon les r\u00e9flexes ou la difficult\u00e9 \u00e0 travailler.\u00a0<\/p>\n<p>\u00a0<\/p>\n<p>Horaires, dates, th\u00e8mes selon les besoins. Ages, nombre de participants selon le th\u00e8me.\u00a0<\/p>\n<p>Ecoles, centres de loisirs, collectivit\u00e9s d&rsquo;enfants, relais d&rsquo;assistantes maternelles, cr\u00e8ches, centres sociaux, possibilit\u00e9 de r\u00e9aliser des s\u00e9ances.\u00a0<\/p>\n<p>Quelques fois une s\u00e9ance bilan peut \u00eatre demand\u00e9e en amont.\u00a0<\/p>\n<p>\u00a0<\/p>\n<p>\u00a0<\/p>\n<p>\u00a0<\/p>\n\n<p><em>Alors, est-ce plus clair ?!\u00a0<\/em><\/p>\n<p>\u00a0<\/p>\n<p>Sandy Duclos\u00a0<\/p>\n\n\n<p><\/p>\n","protected":false},"excerpt":{"rendered":"<p>R\u00e9flexes archa\u00efques, int\u00e9gration, Fleurs de Bach, Bilan&#8230; Que choisir ? <\/p>\n","protected":false},"author":2,"featured_media":1524,"comment_status":"open","ping_status":"open","sticky":false,"template":"","format":"standard","meta":{"site-sidebar-layout":"","site-content-layout":"","ast-main-header-display":"","ast-hfb-above-header-display":"","ast-hfb-below-header-display":"","ast-hfb-mobile-header-display":"","site-post-title":"","ast-breadcrumbs-content":"","ast-featured-img":"","footer-sml-layout":"","theme-transparent-header-meta":"","adv-header-id-meta":"","stick-header-meta":"","header-above-stick-meta":"","header-main-stick-meta":"","header-below-stick-meta":"","footnotes":""},"categories":[58],"tags":[59,37,42,34,39,32,36,33],"class_list":["post-1522","post","type-post","status-publish","format-standard","has-post-thumbnail","hentry","category-mesmouvements","tag-consultations","tag-fleurs-de-bach","tag-integration-des-reflexes-archaiques","tag-integrationdesreflexesarchaiques","tag-mes-mouvements","tag-mesmouvements","tag-reflexes-archaiques","tag-rmti"],"_links":{"self":[{"href":"https:\/\/mesmouvements.fr\/index.php\/wp-json\/wp\/v2\/posts\/1522","targetHints":{"allow":["GET"]}}],"collection":[{"href":"https:\/\/mesmouvements.fr\/index.php\/wp-json\/wp\/v2\/posts"}],"about":[{"href":"https:\/\/mesmouvements.fr\/index.php\/wp-json\/wp\/v2\/types\/post"}],"author":[{"embeddable":true,"href":"https:\/\/mesmouvements.fr\/index.php\/wp-json\/wp\/v2\/users\/2"}],"replies":[{"embeddable":true,"href":"https:\/\/mesmouvements.fr\/index.php\/wp-json\/wp\/v2\/comments?post=1522"}],"version-history":[{"count":1,"href":"https:\/\/mesmouvements.fr\/index.php\/wp-json\/wp\/v2\/posts\/1522\/revisions"}],"predecessor-version":[{"id":1528,"href":"https:\/\/mesmouvements.fr\/index.php\/wp-json\/wp\/v2\/posts\/1522\/revisions\/1528"}],"wp:featuredmedia":[{"embeddable":true,"href":"https:\/\/mesmouvements.fr\/index.php\/wp-json\/wp\/v2\/media\/1524"}],"wp:attachment":[{"href":"https:\/\/mesmouvements.fr\/index.php\/wp-json\/wp\/v2\/media?parent=1522"}],"wp:term":[{"taxonomy":"category","embeddable":true,"href":"https:\/\/mesmouvements.fr\/index.php\/wp-json\/wp\/v2\/categories?post=1522"},{"taxonomy":"post_tag","embeddable":true,"href":"https:\/\/mesmouvements.fr\/index.php\/wp-json\/wp\/v2\/tags?post=1522"}],"curies":[{"name":"wp","href":"https:\/\/api.w.org\/{rel}","templated":true}]}}