{"id":1618,"date":"2023-06-26T11:22:52","date_gmt":"2023-06-26T09:22:52","guid":{"rendered":"https:\/\/mesmouvements.fr\/?p=1618"},"modified":"2023-06-26T11:24:27","modified_gmt":"2023-06-26T09:24:27","slug":"le-reflexe-de-moro-mon-socle-de-securite","status":"publish","type":"post","link":"https:\/\/mesmouvements.fr\/index.php\/le-reflexe-de-moro-mon-socle-de-securite\/","title":{"rendered":"Le r\u00e9flexe de Moro, mon socle de s\u00e9curit\u00e9"},"content":{"rendered":"<p style=\"font-weight: 400;\"><em>Comme tous les r\u00e9flexes archa\u00efques il sert \u00e0 la survie du b\u00e9b\u00e9.<\/em><\/p>\n<p style=\"font-weight: 400;\"><em>Ce dernier va r\u00e9agir \u00e0 toutes stimulations nouvelles en faisant ouvrir le corps de stupeur, souvent suivi par des pleurs pouvant aller chez les enfants jusqu\u2019\u00e0, ce que l\u2019on appelle r\u00e9guli\u00e8rement, la crise de larmes ou de col\u00e8re.<\/em><\/p>\n\n\n<h2 class=\"wp-block-heading\">Mais qu&rsquo;est-ce qu&rsquo;il m&rsquo;arrive ?!<\/h2>\n\n\n<p style=\"font-weight: 400;\">Voici ce qu\u2019il se passe r\u00e9ellement dans le corps d\u2019un enfant (ou adulte&nbsp;!) qui est dirig\u00e9 par son r\u00e9flexe de Moro&nbsp;:<\/p>\n\n\n<figure class=\"wp-block-image size-large\"><img loading=\"lazy\" decoding=\"async\" width=\"1024\" height=\"1024\" src=\"https:\/\/mesmouvements.fr\/wp-content\/uploads\/2023\/06\/C5A1085D-4043-404E-979C-6F18E2E486F1-1024x1024.png\" alt=\"\" class=\"wp-image-1619\" srcset=\"https:\/\/mesmouvements.fr\/wp-content\/uploads\/2023\/06\/C5A1085D-4043-404E-979C-6F18E2E486F1-1024x1024.png 1024w, https:\/\/mesmouvements.fr\/wp-content\/uploads\/2023\/06\/C5A1085D-4043-404E-979C-6F18E2E486F1-300x300.png 300w, https:\/\/mesmouvements.fr\/wp-content\/uploads\/2023\/06\/C5A1085D-4043-404E-979C-6F18E2E486F1-150x150.png 150w, https:\/\/mesmouvements.fr\/wp-content\/uploads\/2023\/06\/C5A1085D-4043-404E-979C-6F18E2E486F1-768x768.png 768w, https:\/\/mesmouvements.fr\/wp-content\/uploads\/2023\/06\/C5A1085D-4043-404E-979C-6F18E2E486F1.png 1080w\" sizes=\"auto, (max-width: 1024px) 100vw, 1024px\" \/><\/figure>\n\n\n<p style=\"font-weight: 400;\">Vient ensuite le moment o\u00f9 l\u2019on r\u00e9conforte l\u2019enfant en pleurs ou il pourra se rassurer, se calmer et (re)trouver son sentiment de s\u00e9curit\u00e9 int\u00e9rieur.<\/p>\n<p style=\"font-weight: 400;\">\n<\/p><p style=\"font-weight: 400;\">On d\u00e9finit la stimulation nouvelle par une lumi\u00e8re vive, un bruit, une odeur, un changement de posture involontaire&#8230; Sachant que pour une personne au r\u00e9flexe de Moro actif, une lumi\u00e8re vive ou une menace de mort imminente r\u00e9elle sera per\u00e7u \u00e0 l&rsquo;identique.&nbsp;<\/p>\n<p style=\"font-weight: 400;\"><\/p>\n\n\n<h2 class=\"wp-block-heading\">Ai-je un r\u00e9flexe de Moro actif ?<\/h2>\n\n\n\n<figure class=\"wp-block-image size-medium\"><img loading=\"lazy\" decoding=\"async\" width=\"300\" height=\"300\" src=\"https:\/\/mesmouvements.fr\/wp-content\/uploads\/2023\/06\/questions-demand-doubts-1922476-300x300.jpg\" alt=\"questions, demand, doubts-1922476.jpg\" class=\"wp-image-1620\" srcset=\"https:\/\/mesmouvements.fr\/wp-content\/uploads\/2023\/06\/questions-demand-doubts-1922476-300x300.jpg 300w, https:\/\/mesmouvements.fr\/wp-content\/uploads\/2023\/06\/questions-demand-doubts-1922476-1024x1024.jpg 1024w, https:\/\/mesmouvements.fr\/wp-content\/uploads\/2023\/06\/questions-demand-doubts-1922476-150x150.jpg 150w, https:\/\/mesmouvements.fr\/wp-content\/uploads\/2023\/06\/questions-demand-doubts-1922476-768x768.jpg 768w, https:\/\/mesmouvements.fr\/wp-content\/uploads\/2023\/06\/questions-demand-doubts-1922476-1200x1200.jpg 1200w, https:\/\/mesmouvements.fr\/wp-content\/uploads\/2023\/06\/questions-demand-doubts-1922476.jpg 1280w\" sizes=\"auto, (max-width: 300px) 100vw, 300px\" \/><\/figure>\n\n\n<p style=\"font-weight: 400;\">Il est facile de reconnaitre un r\u00e9flexe de Moro actif chez quelqu\u2019un qui&nbsp;:<\/p>\n<ul>\n<li>R\u00e9agit fortement aux changements soudains dans son environnement (cris, sursauts violents, voix forte ou rapide, sauts, excitation intense\u2026).<\/li>\n<\/ul>\n<p style=\"font-weight: 400;\">Ces personnes ont sans arr\u00eat leur sens en \u00e9veil, ils c\u00f4toient en permanence l\u2019\u00e9tat d\u2019alerte, l\u2019anxi\u00e9t\u00e9 sans r\u00e9el lien avec la r\u00e9alit\u00e9.<\/p>\n<p><\/p>\n<ul>\n<li>N\u2019aime pas les changements, les surprises, l\u2019inconnu.<\/li>\n<\/ul>\n<p style=\"font-weight: 400;\">Ils sont tr\u00e8s peu dans le pr\u00e9sent car l\u2019inconnu leur fait terriblement peur et ils ont tendance \u00e0 tout anticiper afin d\u2019\u00e9viter de se sentir vuln\u00e9rable dans l\u2019inconnu.<\/p>\n<p><\/p>\n<ul>\n<li>Est hypersensible (lumi\u00e8re, bruit, v\u00eatements, toucher, go\u00fbt, odeur\u2026).<\/li>\n<\/ul>\n<p style=\"font-weight: 400;\">Difficile de se concentrer sur ce que l\u2019on nous demande lorsque la vue est attir\u00e9e par tout ce qu\u2019il se passe autour, les bruits des voitures dans la rue paraissent tellement pr\u00e8s qu\u2019ils d\u00e9veloppent la peur d\u2019\u00eatre \u00e9cras\u00e9, et que l\u2019odeur de gaz d\u2019\u00e9chappement emp\u00eache de bien respirer, par exemples.<\/p>\n<p><\/p>\n<ul>\n<li>Est souvent \u00e9puis\u00e9, malade, grignote beaucoup.<\/li>\n<\/ul>\n<p style=\"font-weight: 400;\">L\u2019hypervigilance et l\u2019hyper r\u00e9action puisent dans les r\u00e9serves d\u2019\u00e9nergie. L\u2019\u00e9tat d\u2019alerte permanent s\u00e9cr\u00e8te les hormones de stress au lieu de participer au fonctionnement habituel du corps (gestion de la glyc\u00e9mie, du syst\u00e8me immunitaire, des hormones du sommeil\u2026).<\/p>\n<p><\/p>\n<ul>\n<li>A du mal \u00e0 g\u00e9rer ses \u00e9motions (impulsivit\u00e9, passe du rire aux larmes, hypersensible\u2026).<\/li>\n<\/ul>\n<p style=\"font-weight: 400;\">Les \u00e9motions d\u2019une personne au r\u00e9flexe de Moro actif font souvent les montagnes russes et sont difficiles \u00e0 g\u00e9rer par un manque de confiance en soi, de compr\u00e9hension de ce qu&rsquo;il se passe et l\u2019anxi\u00e9t\u00e9.<\/p>\n<p><\/p>\n<ul>\n<li>A des difficult\u00e9s avec les autres (s\u2019adresse aux autres de fa\u00e7on maladroite, manipulateur, agressif, sensible, contr\u00f4le, difficult\u00e9s \u00e0 faire des choix, rire nerveux, timidit\u00e9, bafouille\u2026).<\/li>\n<\/ul>\n<p style=\"font-weight: 400;\">En l\u2019absence de socle de s\u00e9curit\u00e9 il est difficile de d\u00e9velopper la confiance en soi, sa propre estime. Le lien avec les autres est donc parasit\u00e9 par sa propre repr\u00e9sentation de soi et du monde.<\/p>\n<p><\/p>\n\n\n<h2 class=\"wp-block-heading\">Comment je serai sans mon r\u00e9flexe de Moro&nbsp;?<\/h2>\n\n\n\n<figure class=\"wp-block-image size-medium\"><img loading=\"lazy\" decoding=\"async\" width=\"300\" height=\"200\" src=\"https:\/\/mesmouvements.fr\/wp-content\/uploads\/2023\/06\/person-human-child-832193-300x200.jpg\" alt=\"person, human, child-832193.jpg\" class=\"wp-image-1621\" srcset=\"https:\/\/mesmouvements.fr\/wp-content\/uploads\/2023\/06\/person-human-child-832193-300x200.jpg 300w, https:\/\/mesmouvements.fr\/wp-content\/uploads\/2023\/06\/person-human-child-832193-1024x683.jpg 1024w, https:\/\/mesmouvements.fr\/wp-content\/uploads\/2023\/06\/person-human-child-832193-768x512.jpg 768w, https:\/\/mesmouvements.fr\/wp-content\/uploads\/2023\/06\/person-human-child-832193.jpg 1280w\" sizes=\"auto, (max-width: 300px) 100vw, 300px\" \/><\/figure>\n\n\n<p style=\"font-weight: 400;\">En donnant la capacit\u00e9 d\u2019adaptation aux changements \u00e0 un enfant, on fera de lui une personne avec un fort sentiment de s\u00e9curit\u00e9. Ainsi, il sera capable de comprendre et donc de g\u00e9rer ses \u00e9motions, de s\u2019ouvrir au monde ext\u00e9rieur en toute confiance afin d\u2019avancer dans la vie en s\u00e9curit\u00e9.<\/p>\n<p style=\"font-weight: 400;\">N\u2019\u00e9tant pas dans le stress permanent d\u2019un potentiel danger, le corps fabriquera les hormones en quantit\u00e9 suffisante, au bon moment et pourra se concentrer sur ses actes quotidiens comme la gestion d\u2019un bon transit, d\u2019un bon sommeil, d\u2019un bon syst\u00e8me immunitaire et plus g\u00e9n\u00e9ralement, d\u2019un corps sain.<\/p>\n<p style=\"font-weight: 400;\">L\u2019esprit n\u2019\u00e9tant pas en alerte permanente les capacit\u00e9s de concentration, m\u00e9morisation, compr\u00e9hension, d\u2019\u00e9coute, ou m\u00eame l\u2019acc\u00e8s \u00e0 la cr\u00e9ativit\u00e9 seront facilit\u00e9s et c\u2019est tout le syst\u00e8me d\u2019apprentissage qui en tirera profit.<\/p>\n<p style=\"font-weight: 400;\">Plus g\u00e9n\u00e9ralement, une fois int\u00e9gr\u00e9 c\u2019est gr\u00e2ce \u00e0 lui que l\u2019on sursaute face \u00e0 ce que l\u2019on per\u00e7oit comme un danger et que l\u2019on peut r\u00e9agir \u00e0 une situation selon notre vision r\u00e9aliste de ce qu\u2019il se passe vraiment.<\/p>\n\n\n<h2 class=\"wp-block-heading\">Je veux int\u00e9grer mon r\u00e9flexe de Moro !<\/h2>\n\n\n\n<figure class=\"wp-block-image size-large\"><img loading=\"lazy\" decoding=\"async\" width=\"1024\" height=\"751\" src=\"https:\/\/mesmouvements.fr\/wp-content\/uploads\/2023\/06\/IMG_8973-1024x751.jpg\" alt=\"\" class=\"wp-image-1624\" srcset=\"https:\/\/mesmouvements.fr\/wp-content\/uploads\/2023\/06\/IMG_8973-1024x751.jpg 1024w, https:\/\/mesmouvements.fr\/wp-content\/uploads\/2023\/06\/IMG_8973-300x220.jpg 300w, https:\/\/mesmouvements.fr\/wp-content\/uploads\/2023\/06\/IMG_8973-768x563.jpg 768w, https:\/\/mesmouvements.fr\/wp-content\/uploads\/2023\/06\/IMG_8973.jpg 1134w\" sizes=\"auto, (max-width: 1024px) 100vw, 1024px\" \/><\/figure>\n\n\n<p style=\"font-weight: 400;\">Int\u00e9grer son r\u00e9flexe de Moro se fait dans la premi\u00e8re ann\u00e9e de l\u2019enfant.<\/p>\n<p style=\"font-weight: 400;\">Il se peut, pour diff\u00e9rentes raisons, que celui-ci reste bloqu\u00e9 dans la phase de d\u00e9veloppement ou pire dans sa phase d\u2019activation maximale. Il risque de s\u2019enchainer une cascade de maux et difficult\u00e9s dans la vie future de l\u2019enfant.<\/p>\n<p style=\"font-weight: 400;\">L\u2019importance de son int\u00e9gration est donc primordiale pour avoir une vie saine et \u00e9panouie.<\/p>\n<p><\/p>\n<h4 style=\"font-weight: 400;\">Dans n\u2019importe quelle situation, <strong>avoir son r\u00e9flexe de Moro actif n\u2019est pas une fatalit\u00e9.<\/strong><\/h4>\n<p style=\"font-weight: 400;\">On peut le v\u00e9rifier par le r\u00e9cit des parents mais il existe aussi des tests afin de confirmer cette hypoth\u00e8se.<\/p>\n<p style=\"font-weight: 400;\">Ensuite, le travail d\u2019int\u00e9gration peut commencer gr\u00e2ce \u00e0 la r\u00e9p\u00e9tition quotidienne de mouvements, des jeux, des conseils, des massages et des astuces tr\u00e8s simples.<\/p>\n<p style=\"font-weight: 400;\">Il suffit simplement d\u2019adapter le protocole de base \u00e0 l\u2019\u00e2ge de l\u2019enfant, ses envies, ses capacit\u00e9s, la volont\u00e9 et l\u2019investissement de ses parents pour commencer une vie dans la bonne direction.<\/p>\n<p><\/p>\n<p>A vous de jouer !<\/p>\n<p><\/p>\n<p><em>Sandy Duclos&nbsp;<\/em><\/p>","protected":false},"excerpt":{"rendered":"<p>Le r\u00e9flexe de Moro, ton ami ? Ou ton ennemi ? <\/p>\n","protected":false},"author":2,"featured_media":1622,"comment_status":"open","ping_status":"open","sticky":false,"template":"","format":"standard","meta":{"site-sidebar-layout":"","site-content-layout":"","ast-main-header-display":"","ast-hfb-above-header-display":"","ast-hfb-below-header-display":"","ast-hfb-mobile-header-display":"","site-post-title":"","ast-breadcrumbs-content":"","ast-featured-img":"","footer-sml-layout":"","theme-transparent-header-meta":"","adv-header-id-meta":"","stick-header-meta":"","header-above-stick-meta":"","header-main-stick-meta":"","header-below-stick-meta":"","footnotes":""},"categories":[63],"tags":[40,42,34,32,64,33],"class_list":["post-1618","post","type-post","status-publish","format-standard","has-post-thumbnail","hentry","category-reflexes","tag-changement","tag-integration-des-reflexes-archaiques","tag-integrationdesreflexesarchaiques","tag-mesmouvements","tag-moro","tag-rmti"],"_links":{"self":[{"href":"https:\/\/mesmouvements.fr\/index.php\/wp-json\/wp\/v2\/posts\/1618","targetHints":{"allow":["GET"]}}],"collection":[{"href":"https:\/\/mesmouvements.fr\/index.php\/wp-json\/wp\/v2\/posts"}],"about":[{"href":"https:\/\/mesmouvements.fr\/index.php\/wp-json\/wp\/v2\/types\/post"}],"author":[{"embeddable":true,"href":"https:\/\/mesmouvements.fr\/index.php\/wp-json\/wp\/v2\/users\/2"}],"replies":[{"embeddable":true,"href":"https:\/\/mesmouvements.fr\/index.php\/wp-json\/wp\/v2\/comments?post=1618"}],"version-history":[{"count":2,"href":"https:\/\/mesmouvements.fr\/index.php\/wp-json\/wp\/v2\/posts\/1618\/revisions"}],"predecessor-version":[{"id":1625,"href":"https:\/\/mesmouvements.fr\/index.php\/wp-json\/wp\/v2\/posts\/1618\/revisions\/1625"}],"wp:featuredmedia":[{"embeddable":true,"href":"https:\/\/mesmouvements.fr\/index.php\/wp-json\/wp\/v2\/media\/1622"}],"wp:attachment":[{"href":"https:\/\/mesmouvements.fr\/index.php\/wp-json\/wp\/v2\/media?parent=1618"}],"wp:term":[{"taxonomy":"category","embeddable":true,"href":"https:\/\/mesmouvements.fr\/index.php\/wp-json\/wp\/v2\/categories?post=1618"},{"taxonomy":"post_tag","embeddable":true,"href":"https:\/\/mesmouvements.fr\/index.php\/wp-json\/wp\/v2\/tags?post=1618"}],"curies":[{"name":"wp","href":"https:\/\/api.w.org\/{rel}","templated":true}]}}